{"id":1414,"date":"2019-10-18T13:21:01","date_gmt":"2019-10-18T13:21:01","guid":{"rendered":"https:\/\/fincalaalcudia.com\/?p=1414"},"modified":"2019-10-18T13:22:13","modified_gmt":"2019-10-18T13:22:13","slug":"como-vestir-el-lugar-de-tu-boda-con-decoracion-de-otono","status":"publish","type":"post","link":"https:\/\/fincalaalcudia.com\/en\/como-vestir-el-lugar-de-tu-boda-con-decoracion-de-otono\/","title":{"rendered":"C\u00f3mo &#8216;vestir&#8217; el lugar de tu boda con decoraci\u00f3n de oto\u00f1o"},"content":{"rendered":"<p><span style=\"font-weight: 400;\">Naturaleza y entorno natural. Es lo que predomina en las bodas de este oto\u00f1o. No es lo mismo, aunque la expresi\u00f3n pueda confundir. Con naturaleza hacemos referencia a destacar elementos propios de la estaci\u00f3n (tonos, hojas, flores silvestres y\/o secas, frutos de temporada&#8230;), y con entorno natural, a la sencillez, a una puesta en escena que no sea recargada. Ambas pueden convivir a la perfecci\u00f3n en tu d\u00eda especial. Por otro lado, una finca es el lugar ideal en esta \u00e9poca para resaltar la importancia de la celebraci\u00f3n. Vayamos paso a paso.\u00a0<\/span><\/p>\n<p>&nbsp;<\/p>\n<h2><b>Colores que marcan tendencia<\/b><\/h2>\n<p><span style=\"font-weight: 400;\">Los tonos pastel -con predominancia del rosa-, los colores suaves y, en esta estaci\u00f3n, tambi\u00e9n algunas pinceladas de verde musgo arropar\u00e1n la celebraci\u00f3n de la ceremonia nupcial; desde manteles, cubresillas, indicadores de mesa o minutas del men\u00fa (y mejor, en papel-tela).<\/span><\/p>\n<p>&nbsp;<\/p>\n<p><img loading=\"lazy\" decoding=\"async\" class=\"size-full wp-image-1416 aligncenter\" src=\"https:\/\/fincalaalcudia.com\/wp-content\/uploads\/2019\/10\/banquete.jpg\" alt=\"\" width=\"452\" height=\"254\" srcset=\"https:\/\/fincalaalcudia.com\/wp-content\/uploads\/2019\/10\/banquete.jpg 452w, https:\/\/fincalaalcudia.com\/wp-content\/uploads\/2019\/10\/banquete-300x169.jpg 300w, https:\/\/fincalaalcudia.com\/wp-content\/uploads\/2019\/10\/banquete-200x112.jpg 200w, https:\/\/fincalaalcudia.com\/wp-content\/uploads\/2019\/10\/banquete-400x225.jpg 400w\" sizes=\"auto, (max-width: 452px) 100vw, 452px\" \/><\/p>\n<p>&nbsp;<\/p>\n<h2><b>Luz de oto\u00f1o<\/b><\/h2>\n<p><span style=\"font-weight: 400;\">La iluminaci\u00f3n es otro elemento a tener en cuenta. Si se trata de un c\u00f3ctel\/cena al aire libre o semicubierto, las velas en recipientes transparentes o semitransparentes har\u00e1n m\u00e1s c\u00e1lido el entorno -independientemente de que el local cuente con otro tipo de iluminaci\u00f3n-. Piensa tambi\u00e9n en entramados de farolillos sobre las mesas. Si tu fiesta se celebra en una terraza interior o patio con \u00e1rboles, la guirnaldas de flores secas alrededor de ellos dar\u00e1n un toque especial al acto.<\/span><\/p>\n<h2><b>Sobre las mesas<\/b><\/h2>\n<p><span style=\"font-weight: 400;\">No os vamos a sugerir aires r\u00fasticos; solo pinceladas de ellos en los centros de mesa. Las flores secas, junto a las pi\u00f1as, son una apuesta segura. Los jardines verticales o las l\u00e1mparas envueltas en ramaje, tambi\u00e9n. Tanto en las flores de los centros como en las telas que visten la mesa (mantel, servilletas, cubrebotellas para cubiteras de hielo\u2026) el color rey es el rosa y, en estos meses, tambi\u00e9n los tonos vino, no muy oscuros.<\/span><\/p>\n<p><span style=\"font-weight: 400;\">La vajilla debe ser de calidad, pero sencilla; en tonos suaves y, como mucho, enmarcadas con una ligera l\u00ednea circular en dorad; s\u00ed, el dorado mate, sin estridencias, no solo se permite sino que est\u00e1 de moda. En la cuberter\u00eda tambi\u00e9n optamos por sugerir el dorado tenue.<\/span><\/p>\n<p><img loading=\"lazy\" decoding=\"async\" class=\"aligncenter wp-image-1417\" src=\"https:\/\/fincalaalcudia.com\/wp-content\/uploads\/2019\/10\/mesa-400x545.jpg\" alt=\"\" width=\"300\" height=\"409\" srcset=\"https:\/\/fincalaalcudia.com\/wp-content\/uploads\/2019\/10\/mesa-400x545.jpg 400w, https:\/\/fincalaalcudia.com\/wp-content\/uploads\/2019\/10\/mesa-220x300.jpg 220w, https:\/\/fincalaalcudia.com\/wp-content\/uploads\/2019\/10\/mesa-200x273.jpg 200w, https:\/\/fincalaalcudia.com\/wp-content\/uploads\/2019\/10\/mesa.jpg 452w\" sizes=\"auto, (max-width: 300px) 100vw, 300px\" \/><\/p>\n<h2><b>Y algo original<\/b><\/h2>\n<p><span style=\"font-weight: 400;\">Para terminar, personaliza tu boda con peque\u00f1os detalles: ramitos de flores silvestres o secas sobre los platos de los invitados o se\u00f1alizaciones de su mesa con una foto de ellos enmarcada en una trenza de hojas.<\/span><\/p>","protected":false},"excerpt":{"rendered":"<p>Naturaleza y entorno natural. Es lo que predomina en las bodas de este oto\u00f1o. No es lo mismo, aunque la expresi\u00f3n pueda confundir. Con naturaleza hacemos referencia a destacar elementos propios de la estaci\u00f3n (tonos, hojas, flores silvestres y\/o secas, frutos de temporada&#8230;), y con entorno natural, a la sencillez, a una puesta en escena&hellip;&nbsp;<a href=\"https:\/\/fincalaalcudia.com\/en\/como-vestir-el-lugar-de-tu-boda-con-decoracion-de-otono\/\" class=\"\" rel=\"bookmark\">Read More &raquo;<span class=\"screen-reader-text\">C\u00f3mo &#8216;vestir&#8217; el lugar de tu boda con decoraci\u00f3n de oto\u00f1o<\/span><\/a><\/p>","protected":false},"author":1,"featured_media":1415,"comment_status":"open","ping_status":"open","sticky":false,"template":"","format":"standard","meta":{"neve_meta_sidebar":"","neve_meta_container":"","neve_meta_enable_content_width":"","neve_meta_content_width":0,"neve_meta_title_alignment":"","neve_meta_author_avatar":"","neve_post_elements_order":"","neve_meta_disable_header":"","neve_meta_disable_footer":"","neve_meta_disable_title":"","_themeisle_gutenberg_block_has_review":false,"_joinchat":[],"footnotes":""},"categories":[12,13],"tags":[],"class_list":["post-1414","post","type-post","status-publish","format-standard","has-post-thumbnail","hentry","category-decoracion","category-tendencias"],"_links":{"self":[{"href":"https:\/\/fincalaalcudia.com\/en\/wp-json\/wp\/v2\/posts\/1414","targetHints":{"allow":["GET"]}}],"collection":[{"href":"https:\/\/fincalaalcudia.com\/en\/wp-json\/wp\/v2\/posts"}],"about":[{"href":"https:\/\/fincalaalcudia.com\/en\/wp-json\/wp\/v2\/types\/post"}],"author":[{"embeddable":true,"href":"https:\/\/fincalaalcudia.com\/en\/wp-json\/wp\/v2\/users\/1"}],"replies":[{"embeddable":true,"href":"https:\/\/fincalaalcudia.com\/en\/wp-json\/wp\/v2\/comments?post=1414"}],"version-history":[{"count":3,"href":"https:\/\/fincalaalcudia.com\/en\/wp-json\/wp\/v2\/posts\/1414\/revisions"}],"predecessor-version":[{"id":1420,"href":"https:\/\/fincalaalcudia.com\/en\/wp-json\/wp\/v2\/posts\/1414\/revisions\/1420"}],"wp:featuredmedia":[{"embeddable":true,"href":"https:\/\/fincalaalcudia.com\/en\/wp-json\/wp\/v2\/media\/1415"}],"wp:attachment":[{"href":"https:\/\/fincalaalcudia.com\/en\/wp-json\/wp\/v2\/media?parent=1414"}],"wp:term":[{"taxonomy":"category","embeddable":true,"href":"https:\/\/fincalaalcudia.com\/en\/wp-json\/wp\/v2\/categories?post=1414"},{"taxonomy":"post_tag","embeddable":true,"href":"https:\/\/fincalaalcudia.com\/en\/wp-json\/wp\/v2\/tags?post=1414"}],"curies":[{"name":"wp","href":"https:\/\/api.w.org\/{rel}","templated":true}]}}